{"id":1927,"date":"2026-09-04T23:55:00","date_gmt":"2026-09-04T23:55:00","guid":{"rendered":"https:\/\/afak-sante-mentale.ma\/?p=1927"},"modified":"2026-09-04T21:07:27","modified_gmt":"2026-09-04T21:07:27","slug":"un-plan-de-sante-mentale-2030-au-service-de-la-population-marocaine","status":"publish","type":"post","link":"https:\/\/afak-sante-mentale.ma\/ar\/un-plan-de-sante-mentale-2030-au-service-de-la-population-marocaine\/","title":{"rendered":"Un plan de sant\u00e9 mentale 2030 au service de la population marocaine"},"content":{"rendered":"<p class=\"wp-block-paragraph\">Un ministre de la Sant\u00e9 qui privil\u00e9gie l\u2019action aux longs discours.<\/p>\n\n\n\n<p class=\"wp-block-paragraph\">Le <strong>Plan de sant\u00e9 mentale 2030<\/strong> est l\u2019aboutissement d\u2019une longue r\u00e9flexion, nourrie par des ateliers de travail pluridisciplinaires et une concertation autour des besoins de la population.<\/p>\n\n\n\n<p class=\"wp-block-paragraph\">Ce plan pr\u00e9conise notamment le d\u00e9veloppement de <strong>structures interm\u00e9diaires de soins et de r\u00e9habilitation psychosociale<\/strong>, au plus pr\u00e8s des citoyens et dans une v\u00e9ritable logique de proximit\u00e9 : <strong>pr\u00e8s et pour la population<\/strong>.<\/p>\n\n\n\n<p class=\"wp-block-paragraph\">Il accorde \u00e9galement une place essentielle \u00e0 la <strong>prise en charge pr\u00e9coce et \u00e0 la pr\u00e9vention des troubles mentaux<\/strong>, d\u00e8s la conception, \u00e0 la naissance et tout au long des premi\u00e8res ann\u00e9es de la vie.<\/p>\n\n\n\n<p class=\"wp-block-paragraph\">Nous saluons tout particuli\u00e8rement la prise en compte de notre proposition visant \u00e0 faire du <strong>soutien et de l\u2019accompagnement des familles<\/strong> une priorit\u00e9 dans la hi\u00e9rarchisation des actions. Les familles constituent en effet un acteur essentiel de la pr\u00e9vention, de l\u2019accompagnement et du r\u00e9tablissement en sant\u00e9 mentale.<\/p>\n\n\n\n<p class=\"wp-block-paragraph\">L\u2019<strong>intersectorialit\u00e9<\/strong>, tant dans la prise en charge que dans le financement des actions, est aujourd\u2019hui une n\u00e9cessit\u00e9 incontournable dans le domaine de la sant\u00e9 mentale. Aucun secteur ne peut, \u00e0 lui seul, r\u00e9pondre \u00e0 l\u2019ensemble des besoins de la population.<\/p>\n\n\n\n<p class=\"wp-block-paragraph\">Nous appelons donc de tous nos v\u0153ux le <strong>minist\u00e8re de la Solidarit\u00e9, de l\u2019Insertion sociale et de la Famille<\/strong> \u00e0 nous rejoindre dans cette dynamique et \u00e0 contribuer pleinement \u00e0 ce projet collectif de <strong>promotion de la sant\u00e9 mentale au Maroc<\/strong>.<\/p>\n\n\n\n<p class=\"wp-block-paragraph\">Nous formulons nos meilleurs v\u0153ux de r\u00e9ussite pour la mise en \u0153uvre de ce plan, dans l\u2019espoir qu\u2019il permette de mieux r\u00e9pondre aux besoins en sant\u00e9 mentale de l\u2019ensemble de la population marocaine.<\/p>\n\n\n\n<figure class=\"wp-block-image size-large\"><img loading=\"lazy\" decoding=\"async\" width=\"1024\" height=\"683\" src=\"https:\/\/afak-sante-mentale.ma\/wp-content\/uploads\/2026\/09\/expertssantementale-1024x683.jpeg\" alt=\"\" class=\"wp-image-1931\" srcset=\"https:\/\/afak-sante-mentale.ma\/wp-content\/uploads\/2026\/09\/expertssantementale-1024x683.jpeg 1024w, https:\/\/afak-sante-mentale.ma\/wp-content\/uploads\/2026\/09\/expertssantementale-300x200.jpeg 300w, https:\/\/afak-sante-mentale.ma\/wp-content\/uploads\/2026\/09\/expertssantementale-768x512.jpeg 768w, https:\/\/afak-sante-mentale.ma\/wp-content\/uploads\/2026\/09\/expertssantementale-18x12.jpeg 18w, https:\/\/afak-sante-mentale.ma\/wp-content\/uploads\/2026\/09\/expertssantementale.jpeg 1280w\" sizes=\"auto, (max-width: 1024px) 100vw, 1024px\" \/><\/figure>","protected":false},"excerpt":{"rendered":"<p>Le Plan de sant\u00e9 mentale 2030 est l\u2019aboutissement d\u2019une longue r\u00e9flexion, nourrie par des ateliers de travail pluridisciplinaires et une concertation autour des besoins de la population.<\/p>","protected":false},"author":1,"featured_media":1931,"comment_status":"open","ping_status":"open","sticky":false,"template":"","format":"standard","meta":{"_surecart_dashboard_logo_width":"180px","_surecart_dashboard_show_logo":true,"_surecart_dashboard_navigation_orders":true,"_surecart_dashboard_navigation_invoices":true,"_surecart_dashboard_navigation_subscriptions":true,"_surecart_dashboard_navigation_downloads":true,"_surecart_dashboard_navigation_billing":true,"_surecart_dashboard_navigation_account":true,"_uag_custom_page_level_css":"","site-sidebar-layout":"default","site-content-layout":"","ast-site-content-layout":"default","site-content-style":"default","site-sidebar-style":"default","ast-global-header-display":"","ast-banner-title-visibility":"","ast-main-header-display":"","ast-hfb-above-header-display":"","ast-hfb-below-header-display":"","ast-hfb-mobile-header-display":"","site-post-title":"","ast-breadcrumbs-content":"","ast-featured-img":"","footer-sml-layout":"","ast-disable-related-posts":"","theme-transparent-header-meta":"","adv-header-id-meta":"","stick-header-meta":"","header-above-stick-meta":"","header-main-stick-meta":"","header-below-stick-meta":"","astra-migrate-meta-layouts":"default","ast-page-background-enabled":"default","ast-page-background-meta":{"desktop":{"background-color":"var(--ast-global-color-5)","background-image":"","background-repeat":"repeat","background-position":"center center","background-size":"auto","background-attachment":"scroll","background-type":"","background-media":"","overlay-type":"","overlay-color":"","overlay-opacity":"","overlay-gradient":""},"tablet":{"background-color":"","background-image":"","background-repeat":"repeat","background-position":"center center","background-size":"auto","background-attachment":"scroll","background-type":"","background-media":"","overlay-type":"","overlay-color":"","overlay-opacity":"","overlay-gradient":""},"mobile":{"background-color":"","background-image":"","background-repeat":"repeat","background-position":"center center","background-size":"auto","background-attachment":"scroll","background-type":"","background-media":"","overlay-type":"","overlay-color":"","overlay-opacity":"","overlay-gradient":""}},"ast-content-background-meta":{"desktop":{"background-color":"var(--ast-global-color-4)","background-image":"","background-repeat":"repeat","background-position":"center center","background-size":"auto","background-attachment":"scroll","background-type":"","background-media":"","overlay-type":"","overlay-color":"","overlay-opacity":"","overlay-gradient":""},"tablet":{"background-color":"var(--ast-global-color-4)","background-image":"","background-repeat":"repeat","background-position":"center center","background-size":"auto","background-attachment":"scroll","background-type":"","background-media":"","overlay-type":"","overlay-color":"","overlay-opacity":"","overlay-gradient":""},"mobile":{"background-color":"var(--ast-global-color-4)","background-image":"","background-repeat":"repeat","background-position":"center center","background-size":"auto","background-attachment":"scroll","background-type":"","background-media":"","overlay-type":"","overlay-color":"","overlay-opacity":"","overlay-gradient":""}},"footnotes":""},"categories":[8],"tags":[],"class_list":["post-1927","post","type-post","status-publish","format-standard","has-post-thumbnail","hentry","category-article-externe"],"uagb_featured_image_src":{"full":["https:\/\/afak-sante-mentale.ma\/wp-content\/uploads\/2026\/09\/expertssantementale.jpeg",1280,854,false],"thumbnail":["https:\/\/afak-sante-mentale.ma\/wp-content\/uploads\/2026\/09\/expertssantementale-150x150.jpeg",150,150,true],"medium":["https:\/\/afak-sante-mentale.ma\/wp-content\/uploads\/2026\/09\/expertssantementale-300x200.jpeg",300,200,true],"medium_large":["https:\/\/afak-sante-mentale.ma\/wp-content\/uploads\/2026\/09\/expertssantementale-768x512.jpeg",768,512,true],"large":["https:\/\/afak-sante-mentale.ma\/wp-content\/uploads\/2026\/09\/expertssantementale-1024x683.jpeg",1024,683,true],"1536x1536":["https:\/\/afak-sante-mentale.ma\/wp-content\/uploads\/2026\/09\/expertssantementale.jpeg",1280,854,false],"2048x2048":["https:\/\/afak-sante-mentale.ma\/wp-content\/uploads\/2026\/09\/expertssantementale.jpeg",1280,854,false],"trp-custom-language-flag":["https:\/\/afak-sante-mentale.ma\/wp-content\/uploads\/2026\/09\/expertssantementale-18x12.jpeg",18,12,true]},"uagb_author_info":{"display_name":"Afak","author_link":"https:\/\/afak-sante-mentale.ma\/ar\/author\/injaayme-com\/"},"uagb_comment_info":0,"uagb_excerpt":"Le Plan de sant\u00e9 mentale 2030 est l\u2019aboutissement d\u2019une longue r\u00e9flexion, nourrie par des ateliers de travail pluridisciplinaires et une concertation autour des besoins de la population.","_links":{"self":[{"href":"https:\/\/afak-sante-mentale.ma\/ar\/wp-json\/wp\/v2\/posts\/1927","targetHints":{"allow":["GET"]}}],"collection":[{"href":"https:\/\/afak-sante-mentale.ma\/ar\/wp-json\/wp\/v2\/posts"}],"about":[{"href":"https:\/\/afak-sante-mentale.ma\/ar\/wp-json\/wp\/v2\/types\/post"}],"author":[{"embeddable":true,"href":"https:\/\/afak-sante-mentale.ma\/ar\/wp-json\/wp\/v2\/users\/1"}],"replies":[{"embeddable":true,"href":"https:\/\/afak-sante-mentale.ma\/ar\/wp-json\/wp\/v2\/comments?post=1927"}],"version-history":[{"count":2,"href":"https:\/\/afak-sante-mentale.ma\/ar\/wp-json\/wp\/v2\/posts\/1927\/revisions"}],"predecessor-version":[{"id":1933,"href":"https:\/\/afak-sante-mentale.ma\/ar\/wp-json\/wp\/v2\/posts\/1927\/revisions\/1933"}],"wp:featuredmedia":[{"embeddable":true,"href":"https:\/\/afak-sante-mentale.ma\/ar\/wp-json\/wp\/v2\/media\/1931"}],"wp:attachment":[{"href":"https:\/\/afak-sante-mentale.ma\/ar\/wp-json\/wp\/v2\/media?parent=1927"}],"wp:term":[{"taxonomy":"category","embeddable":true,"href":"https:\/\/afak-sante-mentale.ma\/ar\/wp-json\/wp\/v2\/categories?post=1927"},{"taxonomy":"post_tag","embeddable":true,"href":"https:\/\/afak-sante-mentale.ma\/ar\/wp-json\/wp\/v2\/tags?post=1927"}],"curies":[{"name":"wp","href":"https:\/\/api.w.org\/{rel}","templated":true}]}}